{"id":1,"date":"2023-01-25T12:32:10","date_gmt":"2023-01-25T12:32:10","guid":{"rendered":"https:\/\/carolinaspanish.com\/?p=1"},"modified":"2025-01-26T10:54:41","modified_gmt":"2025-01-26T10:54:41","slug":"hello-world","status":"publish","type":"post","link":"https:\/\/carolinaspanish.com\/index.php\/2023\/01\/25\/hello-world\/","title":{"rendered":"Welcome!"},"content":{"rendered":"\n<p><br><strong>We will read and talk in Spanish: stories, tales, culture, meanings, language usage, proverbs, jokes, customs\u2026 and we will do our best to understand this peculiar people that make up the Hispanic world<\/strong>.<\/p>\n\n\n<div class=\"wp-block-image\">\n<figure class=\"aligncenter size-large is-resized\"><img loading=\"lazy\" decoding=\"async\" width=\"768\" height=\"1024\" src=\"https:\/\/carolinaspanish.com\/wp-content\/uploads\/2025\/01\/20231008_120539-scaled-1-768x1024.jpg\" alt=\"La estudiante de la calle Noviciados\" class=\"wp-image-7\" style=\"width:431px;height:auto\" srcset=\"https:\/\/carolinaspanish.com\/wp-content\/uploads\/2025\/01\/20231008_120539-scaled-1-768x1024.jpg 768w, https:\/\/carolinaspanish.com\/wp-content\/uploads\/2025\/01\/20231008_120539-scaled-1-225x300.jpg 225w, https:\/\/carolinaspanish.com\/wp-content\/uploads\/2025\/01\/20231008_120539-scaled-1-1152x1536.jpg 1152w, https:\/\/carolinaspanish.com\/wp-content\/uploads\/2025\/01\/20231008_120539-scaled-1-1536x2048.jpg 1536w, https:\/\/carolinaspanish.com\/wp-content\/uploads\/2025\/01\/20231008_120539-scaled-1-1200x1600.jpg 1200w, https:\/\/carolinaspanish.com\/wp-content\/uploads\/2025\/01\/20231008_120539-scaled-1.jpg 1920w\" sizes=\"auto, (max-width: 768px) 100vw, 768px\" \/><figcaption class=\"wp-element-caption\">La estudiante de la calle Noviciados<\/figcaption><\/figure>\n<\/div>\n\n\n<p>Este es el sitio personal de<em> Carolina<\/em> Fern\u00e1ndez L\u00f3pez, <strong>madrile\u00f1a<\/strong> de<strong> Malasa\u00f1a<\/strong>,<em> Ling\u00fcista, Paremi\u00f3loga y Experta en la ense\u00f1anza de la lengua y la cultura espa\u00f1ola <\/em>para extranjeros.<\/p>\n\n\n<div class=\"wp-block-image\">\n<figure class=\"aligncenter size-large\"><img loading=\"lazy\" decoding=\"async\" width=\"768\" height=\"1024\" src=\"https:\/\/carolinaspanish.com\/wp-content\/uploads\/2025\/01\/Terraza_hotel_riu-768x1024.jpg\" alt=\"Vista de Madrid Norte desde la terraza del Edificio Espa\u00f1a, Hotel Riu en plaza de Espa\u00f1a\" class=\"wp-image-64\" srcset=\"https:\/\/carolinaspanish.com\/wp-content\/uploads\/2025\/01\/Terraza_hotel_riu-768x1024.jpg 768w, https:\/\/carolinaspanish.com\/wp-content\/uploads\/2025\/01\/Terraza_hotel_riu-225x300.jpg 225w, https:\/\/carolinaspanish.com\/wp-content\/uploads\/2025\/01\/Terraza_hotel_riu-1152x1536.jpg 1152w, https:\/\/carolinaspanish.com\/wp-content\/uploads\/2025\/01\/Terraza_hotel_riu-1536x2048.jpg 1536w, https:\/\/carolinaspanish.com\/wp-content\/uploads\/2025\/01\/Terraza_hotel_riu-1200x1600.jpg 1200w, https:\/\/carolinaspanish.com\/wp-content\/uploads\/2025\/01\/Terraza_hotel_riu-1980x2640.jpg 1980w, https:\/\/carolinaspanish.com\/wp-content\/uploads\/2025\/01\/Terraza_hotel_riu-scaled.jpg 1920w\" sizes=\"auto, (max-width: 768px) 100vw, 768px\" \/><figcaption class=\"wp-element-caption\">Vista de Madrid Norte desde la terraza del Edificio Espa\u00f1a, Hotel Riu en plaza de Espa\u00f1a<\/figcaption><\/figure>\n<\/div>\n\n\n<p>Si has llegado hasta este sitio es que est\u00e1s realmente interesado en conocer la lengua y la cultura espa\u00f1ola porque necesitas integrarte con nosotros, bien sea para vivir aqu\u00ed, hacer negocios, trabajar, estudiar, o, sencillamente, para poder disfrutar al m\u00e1ximo de una cultura milenaria, cosmopolita, alegre y repleta de calidad de vida e historia.<\/p>\n\n\n<div class=\"wp-block-image\">\n<figure class=\"aligncenter size-large\"><img loading=\"lazy\" decoding=\"async\" width=\"768\" height=\"1024\" src=\"https:\/\/carolinaspanish.com\/wp-content\/uploads\/2025\/01\/calle_mayor-768x1024.jpg\" alt=\"Semana santa en Madrid. Calle Mayor expectante por la procesi\u00f3n del Cristo de Medinaceli.\" class=\"wp-image-60\" srcset=\"https:\/\/carolinaspanish.com\/wp-content\/uploads\/2025\/01\/calle_mayor-768x1024.jpg 768w, https:\/\/carolinaspanish.com\/wp-content\/uploads\/2025\/01\/calle_mayor-225x300.jpg 225w, https:\/\/carolinaspanish.com\/wp-content\/uploads\/2025\/01\/calle_mayor-1152x1536.jpg 1152w, https:\/\/carolinaspanish.com\/wp-content\/uploads\/2025\/01\/calle_mayor-1536x2048.jpg 1536w, https:\/\/carolinaspanish.com\/wp-content\/uploads\/2025\/01\/calle_mayor-1200x1600.jpg 1200w, https:\/\/carolinaspanish.com\/wp-content\/uploads\/2025\/01\/calle_mayor-1980x2640.jpg 1980w, https:\/\/carolinaspanish.com\/wp-content\/uploads\/2025\/01\/calle_mayor-scaled.jpg 1920w\" sizes=\"auto, (max-width: 768px) 100vw, 768px\" \/><figcaption class=\"wp-element-caption\">Calle Mayor en un viernes de Semana Santa.<\/figcaption><\/figure>\n<\/div>\n\n\n<p>En este blog se insertar\u00e1n art\u00edculos en los que la lengua y la cultura espa\u00f1ola ser\u00e1n los protagonistas. A veces hablaremos de tal o cual aspecto ling\u00fc\u00edstico, otras, sin embargo, podremos incluir un cuento, un relato o cualquier otro texto que te permita practicar la lectura en espa\u00f1ol mientras pasas un excelente momento con una historia peculiar. Eso s\u00ed, este contenido siempre girar\u00e1 en torno a la lengua y la cultura espa\u00f1ola.<\/p>\n\n\n<div class=\"wp-block-image\">\n<figure class=\"aligncenter size-full\"><img loading=\"lazy\" decoding=\"async\" width=\"480\" height=\"720\" src=\"https:\/\/carolinaspanish.com\/wp-content\/uploads\/2025\/01\/480px-El_oso_y_el_madrono_-_02.jpeg\" alt=\"El oso y el madro\u00f1o, los s\u00edmbolos del escudo de Madrid\" class=\"wp-image-6\" srcset=\"https:\/\/carolinaspanish.com\/wp-content\/uploads\/2025\/01\/480px-El_oso_y_el_madrono_-_02.jpeg 480w, https:\/\/carolinaspanish.com\/wp-content\/uploads\/2025\/01\/480px-El_oso_y_el_madrono_-_02-200x300.jpeg 200w\" sizes=\"auto, (max-width: 480px) 100vw, 480px\" \/><figcaption class=\"wp-element-caption\">El Oso y el Madri\u00f1o en la m\u00edtica plaza del Sol<\/figcaption><\/figure>\n<\/div>\n\n\n<p>Pronto publicaremos el primer art\u00edculo de la serie\u2026<em> <strong>\u00bfqu\u00e9 ser\u00e1?<\/strong><\/em><\/p>\n\n\n\n<p>Visita las secciones \u00ab<a href=\"https:\/\/carolinaspanish.com\/index.php\/de-madrid-al-cielo\/\">De Madrid al cielo<\/a>\u00bb y <a href=\"https:\/\/carolinaspanish.com\/index.php\/acerca-de\/\">\u00abAcerca de Carolina<\/a>\u00bb para saber un poco m\u00e1s sobre la propietaria de este sitio.<\/p>\n\n\n<div class=\"wp-block-image\">\n<figure class=\"aligncenter size-full\"><img loading=\"lazy\" decoding=\"async\" width=\"512\" height=\"512\" src=\"https:\/\/carolinaspanish.com\/wp-content\/uploads\/2025\/01\/cropped-000_Luna_ICONO.jpg\" alt=\"La luna contempla Madrid asombrada\" class=\"wp-image-11\" srcset=\"https:\/\/carolinaspanish.com\/wp-content\/uploads\/2025\/01\/cropped-000_Luna_ICONO.jpg 512w, https:\/\/carolinaspanish.com\/wp-content\/uploads\/2025\/01\/cropped-000_Luna_ICONO-300x300.jpg 300w, https:\/\/carolinaspanish.com\/wp-content\/uploads\/2025\/01\/cropped-000_Luna_ICONO-150x150.jpg 150w\" sizes=\"auto, (max-width: 512px) 100vw, 512px\" \/><figcaption class=\"wp-element-caption\">La luna, asombrada, contempla la noche de Madrid<\/figcaption><\/figure>\n<\/div>\n\n<div class=\"wp-block-image\">\n<figure class=\"aligncenter size-full is-resized\"><img loading=\"lazy\" decoding=\"async\" width=\"512\" height=\"384\" src=\"https:\/\/carolinaspanish.com\/wp-content\/uploads\/2025\/01\/cropped-cropped-ondeante512.jpg\" alt=\"Habla espa\u00f1ol y enriquece tu alma\" class=\"wp-image-23\" style=\"width:417px;height:auto\" srcset=\"https:\/\/carolinaspanish.com\/wp-content\/uploads\/2025\/01\/cropped-cropped-ondeante512.jpg 512w, https:\/\/carolinaspanish.com\/wp-content\/uploads\/2025\/01\/cropped-cropped-ondeante512-300x225.jpg 300w\" sizes=\"auto, (max-width: 512px) 100vw, 512px\" \/><figcaption class=\"wp-element-caption\">Carolina, <a href=\"https:\/\/carolinaspanish.com\/\" data-type=\"page\" data-id=\"43\">The spanish personal teacher<\/a><\/figcaption><\/figure>\n<\/div>","protected":false},"excerpt":{"rendered":"<p>We will read and talk in Spanish: stories, tales, culture, meanings, language usage, proverbs, jokes, customs\u2026 and we will do our best to understand this peculiar people that make up the Hispanic world. Este es el sitio personal de Carolina Fern\u00e1ndez L\u00f3pez, madrile\u00f1a de Malasa\u00f1a, Ling\u00fcista, Paremi\u00f3loga y Experta en la ense\u00f1anza de la lengua [&hellip;]<\/p>\n","protected":false},"author":1,"featured_media":0,"comment_status":"open","ping_status":"open","sticky":false,"template":"","format":"standard","meta":{"footnotes":""},"categories":[1],"tags":[],"class_list":["post-1","post","type-post","status-publish","format-standard","hentry","category-uncategorized"],"_links":{"self":[{"href":"https:\/\/carolinaspanish.com\/index.php\/wp-json\/wp\/v2\/posts\/1","targetHints":{"allow":["GET"]}}],"collection":[{"href":"https:\/\/carolinaspanish.com\/index.php\/wp-json\/wp\/v2\/posts"}],"about":[{"href":"https:\/\/carolinaspanish.com\/index.php\/wp-json\/wp\/v2\/types\/post"}],"author":[{"embeddable":true,"href":"https:\/\/carolinaspanish.com\/index.php\/wp-json\/wp\/v2\/users\/1"}],"replies":[{"embeddable":true,"href":"https:\/\/carolinaspanish.com\/index.php\/wp-json\/wp\/v2\/comments?post=1"}],"version-history":[{"count":1,"href":"https:\/\/carolinaspanish.com\/index.php\/wp-json\/wp\/v2\/posts\/1\/revisions"}],"predecessor-version":[{"id":81,"href":"https:\/\/carolinaspanish.com\/index.php\/wp-json\/wp\/v2\/posts\/1\/revisions\/81"}],"wp:attachment":[{"href":"https:\/\/carolinaspanish.com\/index.php\/wp-json\/wp\/v2\/media?parent=1"}],"wp:term":[{"taxonomy":"category","embeddable":true,"href":"https:\/\/carolinaspanish.com\/index.php\/wp-json\/wp\/v2\/categories?post=1"},{"taxonomy":"post_tag","embeddable":true,"href":"https:\/\/carolinaspanish.com\/index.php\/wp-json\/wp\/v2\/tags?post=1"}],"curies":[{"name":"wp","href":"https:\/\/api.w.org\/{rel}","templated":true}]}}